{"id":1773,"date":"2025-10-02T14:26:18","date_gmt":"2025-10-02T14:26:18","guid":{"rendered":"https:\/\/golfparkpraha.cz\/?p=1773"},"modified":"2025-10-09T11:33:42","modified_gmt":"2025-10-09T11:33:42","slug":"podzim-s-trefou-vedle","status":"publish","type":"post","link":"https:\/\/golfparkpraha.cz\/en\/podzim-s-trefou-vedle\/","title":{"rendered":"Podzim s TREFOU VEDLE"},"content":{"rendered":"<p data-start=\"96\" data-end=\"216\">Podzim je na golf ide\u00e1ln\u00ed \u2013 p\u0159\u00edjemn\u00e9 po\u010das\u00ed, barevn\u00e1 p\u0159\u00edroda a k tomu atmosf\u00e9ra obl\u00edben\u00fdch turnaj\u016f TREFA VEDLE.<br \/>\nNa h\u0159i\u0161ti Golf Park Praha tak pokra\u010duje s\u00e9rie turnaj\u016f pro za\u010d\u00ednaj\u00edc\u00ed a m\u00edrn\u011b pokro\u010dil\u00e9 hr\u00e1\u010de. P\u0159\u00e1telsk\u00e9 tempo hry, nov\u00ed golfov\u00ed par\u0165\u00e1ci a mo\u017enost nasb\u00edrat zku\u0161enosti \u2013 to v\u0161e d\u011bl\u00e1 z turnaj\u016f TREFA VEDLE skv\u011blou volbu i pro v\u00e1s.<\/p>\n<p data-start=\"355\" data-end=\"385\">\ud83d\udcc5 <strong data-start=\"358\" data-end=\"383\">\u010ctvrtek 9. \u0159\u00edjna 2025\u00a0 <a href=\"https:\/\/www.cgf.cz\/cz\/turnaje\/turnaje-vyhledavani\/turnaj\/prihlaseni-odhlaseni-z-do-turnaje?tournamentId=1219018083\">P\u0158IHL\u00c1SIT<\/a><br \/>\n<\/strong>Postupn\u00fd start od 16:00 hod., odbaven\u00ed na recepci od 15:00 hod., v 15:30 hod. kr\u00e1tk\u00e1 instrukt\u00e1\u017e v klubovn\u011b.<\/p>\n<p data-start=\"500\" data-end=\"529\">\ud83d\udcc5 <strong data-start=\"503\" data-end=\"527\">\u00dater\u00fd 28. \u0159\u00edjna 2025\u00a0 <a href=\"https:\/\/www.cgf.cz\/cz\/turnaje\/turnaje-vyhledavani\/turnaj\/prihlaseni-odhlaseni-z-do-turnaje?tournamentId=1219698243\">P\u0158IHL\u00c1SIT<\/a><br \/>\n<\/strong>Cannon start ve 14:00 hod., speci\u00e1ln\u00ed dopln\u011bk programu: <strong data-start=\"588\" data-end=\"624\">p\u0159edn\u00e1\u0161ka federa\u010dn\u00edho rozhod\u010d\u00edho<\/strong> o pravidlech a golfov\u00e9 etiket\u011b, kter\u00e1 prob\u011bhne od 12:30 do 13:30 hod. v klubovn\u011b GPP. Pokud se chcete p\u0159edn\u00e1\u0161ky z\u00fa\u010dastnit, budeme r\u00e1di, kdy\u017e n\u00e1m \u00fa\u010dast potvrd\u00edte e-mailem na: <a class=\"decorated-link cursor-pointer\" rel=\"noopener\" data-start=\"803\" data-end=\"817\">recepce@cgk.cz<\/a>.<\/p>\n<p data-start=\"822\" data-end=\"911\">Startovn\u00ed listiny budou v\u017edy zve\u0159ejn\u011bny na <a class=\"decorated-link\" href=\"http:\/\/www.cgf.cz\" target=\"_new\" rel=\"noopener\" data-start=\"868\" data-end=\"878\">www.cgf.cz<\/a> v p\u0159\u00edloh\u00e1ch den p\u0159ed turnajem.<br \/>\nM\u00e1te chu\u0165 hr\u00e1t s kamar\u00e1dem, partnerem nebo rodinn\u00fdm p\u0159\u00edslu\u0161n\u00edkem? Sta\u010d\u00ed napsat na <a class=\"decorated-link cursor-pointer\" rel=\"noopener\" data-start=\"997\" data-end=\"1010\">turnaj@cgk.cz<\/a> a my v\u00e1s za\u0159ad\u00edme do stejn\u00e9ho flightu.<\/p>\n<p data-start=\"822\" data-end=\"911\">\ud83c\udf1f Nebojte se p\u0159ihl\u00e1sit \u2013 i kdy\u017e s turnaji teprve za\u010d\u00edn\u00e1te, provedeme v\u00e1s golfov\u00fdm prost\u0159ed\u00edm. S\u00e9rie TREFA VEDLE je tu pr\u00e1v\u011b pro v\u00e1s!<br \/>\nT\u00fdm GPP<\/p>\n<p><a href=\"https:\/\/golfparkpraha.cz\/podzim-s-trefou-vedle\/a5-golf-tournament-a4-1\/\" rel=\"attachment wp-att-1774\"><img loading=\"lazy\" decoding=\"async\" class=\"alignnone size-medium wp-image-1774\" src=\"https:\/\/golfparkpraha.cz\/wp-content\/uploads\/2025\/10\/A5-Golf-Tournament-A4-1-212x300.png\" alt=\"\" width=\"212\" height=\"300\" \/><\/a><\/p>\n","protected":false},"excerpt":{"rendered":"<p>Podzim je na golf ide\u00e1ln\u00ed \u2013 p\u0159\u00edjemn\u00e9 po\u010das\u00ed, barevn\u00e1 p\u0159\u00edroda a k tomu atmosf\u00e9ra obl\u00edben\u00fdch turnaj\u016f TREFA VEDLE. Na h\u0159i\u0161ti Golf Park Praha tak pokra\u010duje s\u00e9rie turnaj\u016f pro za\u010d\u00ednaj\u00edc\u00ed a m\u00edrn\u011b pokro\u010dil\u00e9 hr\u00e1\u010de. P\u0159\u00e1telsk\u00e9 tempo hry, nov\u00ed golfov\u00ed par\u0165\u00e1ci a mo\u017enost nasb\u00edrat zku\u0161enosti \u2013 to v\u0161e d\u011bl\u00e1 z turnaj\u016f TREFA VEDLE skv\u011blou volbu i pro [&hellip;]<\/p>\n","protected":false},"author":3,"featured_media":1779,"comment_status":"closed","ping_status":"open","sticky":false,"template":"","format":"standard","meta":{"_et_pb_use_builder":"","_et_pb_old_content":"","_et_gb_content_width":"","inline_featured_image":false,"footnotes":""},"categories":[32,1],"tags":[],"class_list":["post-1773","post","type-post","status-publish","format-standard","has-post-thumbnail","hentry","category-trefa-vedle","category-uncategorized-cs"],"_links":{"self":[{"href":"https:\/\/golfparkpraha.cz\/en\/wp-json\/wp\/v2\/posts\/1773","targetHints":{"allow":["GET"]}}],"collection":[{"href":"https:\/\/golfparkpraha.cz\/en\/wp-json\/wp\/v2\/posts"}],"about":[{"href":"https:\/\/golfparkpraha.cz\/en\/wp-json\/wp\/v2\/types\/post"}],"author":[{"embeddable":true,"href":"https:\/\/golfparkpraha.cz\/en\/wp-json\/wp\/v2\/users\/3"}],"replies":[{"embeddable":true,"href":"https:\/\/golfparkpraha.cz\/en\/wp-json\/wp\/v2\/comments?post=1773"}],"version-history":[{"count":7,"href":"https:\/\/golfparkpraha.cz\/en\/wp-json\/wp\/v2\/posts\/1773\/revisions"}],"predecessor-version":[{"id":1806,"href":"https:\/\/golfparkpraha.cz\/en\/wp-json\/wp\/v2\/posts\/1773\/revisions\/1806"}],"wp:featuredmedia":[{"embeddable":true,"href":"https:\/\/golfparkpraha.cz\/en\/wp-json\/wp\/v2\/media\/1779"}],"wp:attachment":[{"href":"https:\/\/golfparkpraha.cz\/en\/wp-json\/wp\/v2\/media?parent=1773"}],"wp:term":[{"taxonomy":"category","embeddable":true,"href":"https:\/\/golfparkpraha.cz\/en\/wp-json\/wp\/v2\/categories?post=1773"},{"taxonomy":"post_tag","embeddable":true,"href":"https:\/\/golfparkpraha.cz\/en\/wp-json\/wp\/v2\/tags?post=1773"}],"curies":[{"name":"wp","href":"https:\/\/api.w.org\/{rel}","templated":true}]}}